{"id":17,"date":"2009-12-02T16:50:49","date_gmt":"2009-12-02T14:50:49","guid":{"rendered":"http:\/\/blog.psycodelic.net\/index.php\/2009\/12\/02\/manifiesto-%e2%80%9cen-defensa-de-los-derechos-fundamentales-en-internet%e2%80%9d\/"},"modified":"2026-03-15T04:41:36","modified_gmt":"2026-03-15T03:41:36","slug":"manifiesto-en-defensa-de-los-derechos-fundamentales-en-internet","status":"publish","type":"post","link":"https:\/\/blog.psycodelic.net\/index.php\/2009\/12\/02\/manifiesto-en-defensa-de-los-derechos-fundamentales-en-internet\/","title":{"rendered":"Manifiesto en defensa de los derechos fundamentales en internet"},"content":{"rendered":"<p>Ante la inclusi\u00f3n en el Anteproyecto de Ley de Econom\u00eda sostenible de modificaciones legislativas que afectan al libre ejercicio de las libertades de expresi\u00f3n, informaci\u00f3n y el derecho de acceso a la cultura a trav\u00e9s de Internet, los periodistas, <em>bloggers<\/em>, usuarios, profesionales y creadores de Internet manifestamos nuestra firme oposici\u00f3n al proyecto, y declaramos que:<\/p>\n<ol>\n<li><strong>Los derechos de autor no pueden situarse por encima de los derechos fundamentales de los ciudadanos<\/strong>, como el derecho a la privacidad, a la seguridad, a la presunci\u00f3n de inocencia, a la tutela judicial efectiva y a la libertad de expresi\u00f3n.<\/li>\n<li><strong>La suspensi\u00f3n de derechos fundamentales es y debe seguir siendo competencia exclusiva del poder judicia<\/strong>l. Ni un cierre sin sentencia. Este anteproyecto, en contra de lo establecido en el art\u00edculo 20.5 de la Constituci\u00f3n, pone en manos de un \u00d3rgano no judicial -un organismo dependiente del ministerio de Cultura-, la potestad de impedir a los ciudadanos espa\u00f1oles el acceso a cualquier p\u00e1gina web.<\/li>\n<li><strong>La nueva legislaci\u00f3n crear\u00e1 inseguridad jur\u00eddica en todo el sector tecnol\u00f3gico espa\u00f1ol<\/strong>, perjudicando uno de los pocos campos de desarrollo y futuro de nuestra econom\u00eda, entorpeciendo la creaci\u00f3n de empresas, introduciendo trabas a la libre competencia y ralentizando su proyecci\u00f3n internacional.<\/li>\n<li><strong>La nueva legislaci\u00f3n propuesta amenaza a los nuevos creadores y entorpece la creaci\u00f3n cultural.<\/strong> Con Internet y los sucesivos avances tecnol\u00f3gicos se ha democratizado extraordinariamente la creaci\u00f3n y emisi\u00f3n de contenidos de todo tipo, que ya no provienen prevalentemente de las industrias culturales tradicionales, sino de multitud de fuentes diferentes.<\/li>\n<li><strong>Los autores<\/strong>, como todos los trabajadores,<strong> tienen derecho a vivir de su trabajo con nuevas ideas creativas, modelos de negocio y actividades<\/strong> asociadas a sus creaciones. Intentar sostener con cambios legislativos a una industria obsoleta que no sabe adaptarse a este nuevo entorno no es ni justo ni realista. Si su modelo de negocio se basaba en el control de las copias de las obras y en Internet no es posible sin vulnerar derechos fundamentales, deber\u00e1n buscar otro modelo.<\/li>\n<li>Consideramos que\u00a0<strong>las industrias culturales necesitan para sobrevivir alternativas modernas, eficaces, cre\u00edbles y asequibles y que se adecuen a los nuevos usos sociales, <\/strong>en lugar de limitaciones tan desproporcionadas como ineficaces para el fin que dicen perseguir.<\/li>\n<li><strong>Internet debe funcionar de forma libre y sin interferencias pol\u00edticas<\/strong> auspiciadas por sectores que pretenden perpetuar obsoletos modelos de negocio e imposibilitar que el saber humano siga siendo libre.<\/li>\n<li><strong>Exigimos que el Gobierno garantice por ley la neutralidad de la Red en Espa\u00f1a,<\/strong> ante cualquier presi\u00f3n que pueda producirse, como marco para el desarrollo de una econom\u00eda sostenible y realista de cara al futuro.<\/li>\n<li><strong>Proponemos una verdadera reforma del derecho de propiedad intelectual <\/strong>orientada a su fin: devolver a la sociedad el conocimiento, promover el dominio p\u00fablico y limitar los abusos de las entidades gestoras.<\/li>\n<li><strong>En democracia las leyes y sus modificaciones deben aprobarse tras el oportuno debate p\u00fablico<\/strong> y habiendo consultado previamente a todas las partes implicadas. No es de recibo que se realicen cambios legislativos que afectan a derechos fundamentales en una ley no org\u00e1nica y que versa sobre otra materia.<\/li>\n<\/ol>\n","protected":false},"excerpt":{"rendered":"<p>Ante la inclusi\u00f3n en el Anteproyecto de Ley de Econom\u00eda sostenible de modificaciones legislativas que afectan al libre ejercicio de las libertades de expresi\u00f3n, informaci\u00f3n y el derecho de acceso a la cultura a trav\u00e9s de Internet, los periodistas, bloggers, usuarios, profesionales y creadores de Internet manifestamos nuestra firme oposici\u00f3n al proyecto, y declaramos que: &hellip; <\/p>\n<p class=\"link-more\"><a href=\"https:\/\/blog.psycodelic.net\/index.php\/2009\/12\/02\/manifiesto-en-defensa-de-los-derechos-fundamentales-en-internet\/\" class=\"more-link\">Seguir leyendo<span class=\"screen-reader-text\"> \u00abManifiesto en defensa de los derechos fundamentales en internet\u00bb<\/span><\/a><\/p>\n","protected":false},"author":1,"featured_media":0,"comment_status":"open","ping_status":"open","sticky":false,"template":"","format":"standard","meta":{"footnotes":""},"categories":[1,2],"tags":[],"class_list":["post-17","post","type-post","status-publish","format-standard","hentry","category-general","category-software-libre","entry"],"_links":{"self":[{"href":"https:\/\/blog.psycodelic.net\/index.php\/wp-json\/wp\/v2\/posts\/17","targetHints":{"allow":["GET"]}}],"collection":[{"href":"https:\/\/blog.psycodelic.net\/index.php\/wp-json\/wp\/v2\/posts"}],"about":[{"href":"https:\/\/blog.psycodelic.net\/index.php\/wp-json\/wp\/v2\/types\/post"}],"author":[{"embeddable":true,"href":"https:\/\/blog.psycodelic.net\/index.php\/wp-json\/wp\/v2\/users\/1"}],"replies":[{"embeddable":true,"href":"https:\/\/blog.psycodelic.net\/index.php\/wp-json\/wp\/v2\/comments?post=17"}],"version-history":[{"count":2,"href":"https:\/\/blog.psycodelic.net\/index.php\/wp-json\/wp\/v2\/posts\/17\/revisions"}],"predecessor-version":[{"id":148,"href":"https:\/\/blog.psycodelic.net\/index.php\/wp-json\/wp\/v2\/posts\/17\/revisions\/148"}],"wp:attachment":[{"href":"https:\/\/blog.psycodelic.net\/index.php\/wp-json\/wp\/v2\/media?parent=17"}],"wp:term":[{"taxonomy":"category","embeddable":true,"href":"https:\/\/blog.psycodelic.net\/index.php\/wp-json\/wp\/v2\/categories?post=17"},{"taxonomy":"post_tag","embeddable":true,"href":"https:\/\/blog.psycodelic.net\/index.php\/wp-json\/wp\/v2\/tags?post=17"}],"curies":[{"name":"wp","href":"https:\/\/api.w.org\/{rel}","templated":true}]}}